{"id":10098,"date":"2020-03-05T10:33:10","date_gmt":"2020-03-05T13:33:10","guid":{"rendered":"https:\/\/ibape-nacional.com.br\/site\/?p=10098"},"modified":"2020-05-29T11:37:32","modified_gmt":"2020-05-29T14:37:32","slug":"cerimonia-de-posse-da-nova-diretoria-do-ibape-rio-de-janeiro","status":"publish","type":"post","link":"https:\/\/ibape-nacional.com.br\/site\/cerimonia-de-posse-da-nova-diretoria-do-ibape-rio-de-janeiro\/","title":{"rendered":"Convite: Cerim\u00f4nia de Posse da nova diretoria do IBAPE Rio de Janeiro"},"content":{"rendered":"<p><!--more--><\/p>\n<div class=\"\" data-block=\"true\" data-editor=\"5idam\" data-offset-key=\"f62i0-0-0\">\n<div class=\"_1mf _1mj\" data-offset-key=\"f62i0-0-0\"><span data-offset-key=\"f62i0-0-0\">Convite: Cerim\u00f4nia de Posse da nova diretoria do IBAPE Rio de Janeiro. <\/span><\/div>\n<div class=\"_1mf _1mj\" data-offset-key=\"f62i0-0-0\"><span data-offset-key=\"f62i0-0-0\">O evento ser\u00e1 realizado no dia 10 de mar\u00e7o, no audit\u00f3rio do IBAPE\/RJ, \u00e0s 18:80h. <\/span><\/div>\n<\/div>\n<div class=\"\" data-block=\"true\" data-editor=\"5idam\" data-offset-key=\"48h2j-0-0\">\n<div class=\"_1mf _1mj\" data-offset-key=\"48h2j-0-0\"><span data-offset-key=\"48h2j-0-0\">\u00a0<\/span><\/div>\n<\/div>\n<div class=\"\" data-block=\"true\" data-editor=\"5idam\" data-offset-key=\"70tjk-0-0\">\n<div class=\"_1mf _1mj\" data-offset-key=\"70tjk-0-0\"><a href=\"https:\/\/ibape-nacional.com.br\/site\/wp-content\/uploads\/2020\/03\/05032020-IBAPERJ.jpg\"><img loading=\"lazy\" decoding=\"async\" class=\"size-full wp-image-10099 aligncenter\" src=\"https:\/\/ibape-nacional.com.br\/site\/wp-content\/uploads\/2020\/03\/05032020-IBAPERJ.jpg\" alt=\"\" width=\"503\" height=\"685\" srcset=\"https:\/\/ibape-nacional.com.br\/site\/wp-content\/uploads\/2020\/03\/05032020-IBAPERJ.jpg 503w, https:\/\/ibape-nacional.com.br\/site\/wp-content\/uploads\/2020\/03\/05032020-IBAPERJ-220x300.jpg 220w\" sizes=\"auto, (max-width: 503px) 100vw, 503px\" \/><\/a><\/div>\n<\/div>\n","protected":false},"excerpt":{"rendered":"","protected":false},"author":293,"featured_media":10099,"comment_status":"open","ping_status":"open","sticky":false,"template":"","format":"standard","meta":{"_joinchat":[],"footnotes":""},"categories":[43],"tags":[],"class_list":["post-10098","post","type-post","status-publish","format-standard","has-post-thumbnail","hentry","category-noticias-e-destaques"],"acf":[],"_links":{"self":[{"href":"https:\/\/ibape-nacional.com.br\/site\/wp-json\/wp\/v2\/posts\/10098","targetHints":{"allow":["GET"]}}],"collection":[{"href":"https:\/\/ibape-nacional.com.br\/site\/wp-json\/wp\/v2\/posts"}],"about":[{"href":"https:\/\/ibape-nacional.com.br\/site\/wp-json\/wp\/v2\/types\/post"}],"author":[{"embeddable":true,"href":"https:\/\/ibape-nacional.com.br\/site\/wp-json\/wp\/v2\/users\/293"}],"replies":[{"embeddable":true,"href":"https:\/\/ibape-nacional.com.br\/site\/wp-json\/wp\/v2\/comments?post=10098"}],"version-history":[{"count":0,"href":"https:\/\/ibape-nacional.com.br\/site\/wp-json\/wp\/v2\/posts\/10098\/revisions"}],"wp:featuredmedia":[{"embeddable":true,"href":"https:\/\/ibape-nacional.com.br\/site\/wp-json\/wp\/v2\/media\/10099"}],"wp:attachment":[{"href":"https:\/\/ibape-nacional.com.br\/site\/wp-json\/wp\/v2\/media?parent=10098"}],"wp:term":[{"taxonomy":"category","embeddable":true,"href":"https:\/\/ibape-nacional.com.br\/site\/wp-json\/wp\/v2\/categories?post=10098"},{"taxonomy":"post_tag","embeddable":true,"href":"https:\/\/ibape-nacional.com.br\/site\/wp-json\/wp\/v2\/tags?post=10098"}],"curies":[{"name":"wp","href":"https:\/\/api.w.org\/{rel}","templated":true}]}}