{"id":10103,"date":"2020-02-11T13:47:34","date_gmt":"2020-02-11T16:47:34","guid":{"rendered":"https:\/\/ibape-nacional.com.br\/site\/?p=10103"},"modified":"2020-05-29T11:26:17","modified_gmt":"2020-05-29T14:26:17","slug":"convocacao-assembleia-geral-ordinaria-ibape","status":"publish","type":"post","link":"https:\/\/ibape-nacional.com.br\/site\/convocacao-assembleia-geral-ordinaria-ibape\/","title":{"rendered":"Convoca\u00e7\u00e3o Assembleia Geral Ordin\u00e1ria IBAPE."},"content":{"rendered":"<p><!--more--><\/p>\n<p>S\u00e3o Paulo, 11 de fevereiro de 2020.<\/p>\n<p style=\"text-align: center;\"><strong>CONVOCA\u00c7\u00c3O<\/strong><\/p>\n<p style=\"text-align: center;\"><strong>ASSEMBLEIA GERAL ORDIN\u00c1RIA<\/strong><\/p>\n<p>Nos termos: do Cap\u00edtulo VI, artigo 23, do Estatuto e Cap\u00edtulo VI do Regimento do IBAPE, pela presente s\u00e3o convocados os Conselheiros, as Entidades Filiadas pelos seus Presidentes ou Representantes (portando designa\u00e7\u00e3o expressa) e a Diretoria do IBAPE a comparecerem \u00e0 159\u00aa ASSEMBLEIA GERAL ORDIN\u00c1RIA, a ser realizada no dia 13 de mar\u00e7o de 2020 \u00e0s 08:30h em primeira convoca\u00e7\u00e3o, na sala da C\u00e2mara Civil do CREA Minas Gerais, \u00e0 Av. \u00c1lvares Cabral, 1600 &#8211; 6\u00ba andar &#8211; Santo Agostinho Belo Horizonte &#8211; MG, com a seguinte ORDEM DO DIA:<\/p>\n<p>1. Apura\u00e7\u00e3o dos Conselheiros e Entidades regularmente representados e n\u00fameros de votos correspondentes;<\/p>\n<p>2. Ratifica\u00e7\u00e3o dos nomes da Diretoria Adjunta;<\/p>\n<p>3. Apresenta\u00e7\u00e3o do Planejamento Estrat\u00e9gico da Diretoria (gest\u00e3o 2020\/2021);<\/p>\n<p>4. Representa\u00e7\u00e3o Col\u00e9gio de Entidades Nacionais;<\/p>\n<p>5. C\u00f3digo de \u00c9tica IBAPE;<\/p>\n<p>6. Eventos previstos para 2020;<\/p>\n<p>7. Comenda COBREAP;<\/p>\n<p>8. Descontos inscri\u00e7\u00f5es COBREAP;<\/p>\n<p>9. Certifica\u00e7\u00e3o Profissional;<\/p>\n<p>10. Filia\u00e7\u00f5es IBAPE:<br \/>\n10.1. FEBRAE &#8211; Federa\u00e7\u00e3o Brasileira de Associa\u00e7\u00f5es de Engenheiros;<br \/>\n10.2. UPAV &#8211; Uni\u00e3o Pan-americana de Associa\u00e7\u00f5es de Avalia\u00e7\u00e3o<br \/>\n10.3. IVSC &#8211; International Valuation Standards Council.<\/p>\n<p>11. Not\u00edcias das atividades dos IBAPEs presentes;<\/p>\n<p>12. Assuntos gerais.<\/p>\n<p>N\u00e3o havendo qu\u00f3rum para a primeira convoca\u00e7\u00e3o, fica desde j\u00e1 definido o hor\u00e1rio das 09:00h da mesma data e local, com o n\u00famero de participantes que se fizerem presentes.<\/p>\n<p>Nos termos do Art. 21 do Regimento, o recebimento desta via correio eletr\u00f4nico e\/ou via postal dever\u00e1 ser confirmada.<\/p>\n<p>Atenciosamente,<\/p>\n<p>Eng Civil Cl\u00e9menceau Chiabi Saliba J\u00fanior<br \/>\nPresidente IBAPE Nacional<\/p>\n","protected":false},"excerpt":{"rendered":"","protected":false},"author":293,"featured_media":0,"comment_status":"open","ping_status":"open","sticky":false,"template":"","format":"standard","meta":{"_joinchat":[],"footnotes":""},"categories":[43],"tags":[],"class_list":["post-10103","post","type-post","status-publish","format-standard","hentry","category-noticias-e-destaques"],"acf":[],"_links":{"self":[{"href":"https:\/\/ibape-nacional.com.br\/site\/wp-json\/wp\/v2\/posts\/10103","targetHints":{"allow":["GET"]}}],"collection":[{"href":"https:\/\/ibape-nacional.com.br\/site\/wp-json\/wp\/v2\/posts"}],"about":[{"href":"https:\/\/ibape-nacional.com.br\/site\/wp-json\/wp\/v2\/types\/post"}],"author":[{"embeddable":true,"href":"https:\/\/ibape-nacional.com.br\/site\/wp-json\/wp\/v2\/users\/293"}],"replies":[{"embeddable":true,"href":"https:\/\/ibape-nacional.com.br\/site\/wp-json\/wp\/v2\/comments?post=10103"}],"version-history":[{"count":0,"href":"https:\/\/ibape-nacional.com.br\/site\/wp-json\/wp\/v2\/posts\/10103\/revisions"}],"wp:attachment":[{"href":"https:\/\/ibape-nacional.com.br\/site\/wp-json\/wp\/v2\/media?parent=10103"}],"wp:term":[{"taxonomy":"category","embeddable":true,"href":"https:\/\/ibape-nacional.com.br\/site\/wp-json\/wp\/v2\/categories?post=10103"},{"taxonomy":"post_tag","embeddable":true,"href":"https:\/\/ibape-nacional.com.br\/site\/wp-json\/wp\/v2\/tags?post=10103"}],"curies":[{"name":"wp","href":"https:\/\/api.w.org\/{rel}","templated":true}]}}