{"id":10228,"date":"2020-04-13T09:27:36","date_gmt":"2020-04-13T12:27:36","guid":{"rendered":"https:\/\/ibape-nacional.com.br\/site\/?p=10228"},"modified":"2020-04-13T09:29:07","modified_gmt":"2020-04-13T12:29:07","slug":"10228-2","status":"publish","type":"post","link":"https:\/\/ibape-nacional.com.br\/site\/10228-2\/","title":{"rendered":"Em decis\u00e3o in\u00e9dita, brasileiro se tornou o primeiro engenheiro a ter suas atribui\u00e7\u00f5es ampliadas perante o CONFEA"},"content":{"rendered":"<p><!--more--><\/p>\n<div class=\"ctnHeadline\">\n<div class=\"title headline\">\n<h1>Em decis\u00e3o in\u00e9dita, brasileiro se tornou o primeiro engenheiro a ter suas atribui\u00e7\u00f5es ampliadas perante o CONFEA<\/h1>\n<\/div>\n<div class=\"author\"><\/div>\n<div class=\"datetime subtitle--XS\">\n<div class=\"date\">\n<div class=\"calendar icon-16 icon-calendar\"><\/div>\n<p><span class=\"day-month\">9 ABR<\/span><span class=\"year\">2020<\/span><\/p>\n<p><span class=\"time\">10h19<\/span><\/p>\n<\/div>\n<div class=\"rescence\">atualizado \u00e0s 12h03<\/div>\n<div><\/div>\n<div class=\"rescence\">Pela primeira vez no Brasil, atrav\u00e9s de uma decis\u00e3o in\u00e9dita da Justi\u00e7a Federal de Manaus (AM), em car\u00e1ter liminar, um engenheiro eletr\u00f4nico conseguiu ter o conjunto do aumento de suas atribui\u00e7\u00f5es t\u00e9cnicas reconhecido, na formaliza\u00e7\u00e3o do seu mestrado.<\/div>\n<\/div>\n<\/div>\n<div class=\"articleData \">\n<div id=\"image_1b2a3abf1257719958717892d59010f7nz0zn8zf\" class=\"expandedElement\">\n<figure><picture><source srcset=\"https:\/\/p2.trrsf.com\/image\/fget\/cf\/940\/0\/images.terra.com\/2020\/04\/07\/e2429637-36c4-4b23-82a2-fbaaa8d6e8ba.jpg\" media=\"(min-width:1280px)\" \/><source srcset=\"https:\/\/p2.trrsf.com\/image\/fget\/cf\/620\/0\/images.terra.com\/2020\/04\/07\/e2429637-36c4-4b23-82a2-fbaaa8d6e8ba.jpg\" media=\"(min-width:1024px)\" \/><source srcset=\"https:\/\/p2.trrsf.com\/image\/fget\/cf\/460\/0\/images.terra.com\/2020\/04\/07\/e2429637-36c4-4b23-82a2-fbaaa8d6e8ba.jpg\" media=\"(min-width:768px)\" \/><source srcset=\"https:\/\/p2.trrsf.com\/image\/fget\/cf\/320\/0\/images.terra.com\/2020\/04\/07\/e2429637-36c4-4b23-82a2-fbaaa8d6e8ba.jpg\" media=\"(min-width:300px)\" \/><img decoding=\"async\" title=\"DINO \/ DINO\" src=\"https:\/\/p2.trrsf.com\/image\/fget\/cf\/460\/0\/images.terra.com\/2020\/04\/07\/e2429637-36c4-4b23-82a2-fbaaa8d6e8ba.jpg\" alt=\"\" width=\"460\" \/><\/picture><figcaption>\n<div class=\"imageInfo\">\n<div class=\"lineSpacer\"><\/div>\n<p><small class=\"copyright\">Foto: DINO \/ DINO<\/small><\/p>\n<\/div>\n<\/figcaption><\/figure>\n<\/div>\n<p>Rodrigo de Mello Leal Santiago Lamas, engenheiro eletr\u00f4nico e de computa\u00e7\u00e3o formado ao final de 2005 pela UFRJ (Universidade Federal do Rio de Janeiro), e que fez mestrado em engenharia aeron\u00e1utica no ITA (Instituto Tecnol\u00f3gico de Aeron\u00e1utica), ambas institui\u00e7\u00f5es de alt\u00edssimo reconhecimento no Brasil e no exterior, conseguiu na Justi\u00e7a o aumento da sua atribui\u00e7\u00e3o profissional e ter\u00e1 agora tamb\u00e9m o t\u00edtulo de engenheiro aeron\u00e1utico em sua carteira profissional do CREA e anexada ao rol de atribui\u00e7\u00f5es junto ao CONFEA (Conselho Federal de Engenharia) e todos os CREAs (Conselhos Regionais de Engenharia) do Brasil.<\/p>\n<p>Rodrigo, primeiro engenheiro no Brasil a conseguir tal feito, destaca o ineditismo do fato em fun\u00e7\u00e3o de sua forma\u00e7\u00e3o acad\u00eamica extraordin\u00e1ria e dos conhecimentos t\u00e9cnicos e gerenciais adquiridos ao longo de sua carreira: &#8220;Esta \u00e9 uma decis\u00e3o in\u00e9dita e na qualidade de primeiro engenheiro do Brasil e obter uma decis\u00e3o favor\u00e1vel neste campo, espero ser uma fonte de inspira\u00e7\u00e3o para demais que demais engenheiros possam seguir buscando a excel\u00eancias em suas carreiras acad\u00eamicas e profissionais.&#8221;<br \/>\nA decis\u00e3o, concedida em uma a\u00e7\u00e3o ordin\u00e1ria com pedido de tutela de urg\u00eancia que corre na 1\u00aa Vara Federal de Manaus, na verdade s\u00f3 obriga que o todo o sistema CREA\/CONFEA cumpra uma norma emitida em 2016 pelo Conselho Federal de Engenharia e Agronomia.<\/p>\n<p>A Resolu\u00e7\u00e3o CONFEA 1.073\/2016, revogou a Resolu\u00e7\u00e3o 1.010\/2005 e autorizou que cursos de p\u00f3s-gradua\u00e7\u00e3o, lato e stricto sensu, e forma\u00e7\u00e3o sequencial deem direito a nova habilita\u00e7\u00e3o de trabalho, n\u00e3o limitada \u00e0 chamada &#8220;\u00e1rvore de t\u00edtulos&#8221;.<\/p>\n<div class=\"mod-offers\">\n<div id=\"widgetCall\" class=\"theme-dark\">\n<div class=\"widget-container\">\n<div class=\"text\">\n<h3 class=\"text__headline\">Curso: Fotografia e V\u00eddeo com celular<\/h3>\n<p>Aprenda a fazer Selfies, Fotos e V\u00eddeos incr\u00edveis utilizando somente a c\u00e2mera do seu celular. Veja!<\/p>\n<\/div>\n<div class=\"clearfix\"><\/div>\n<\/div>\n<\/div>\n<\/div>\n<p>Antes dessa regra ser emitida, um engenheiro eletr\u00f4nico, por exemplo, s\u00f3 poderia se desenvolver dentro de um &#8220;guarda-chuva&#8221; de carreiras subordinado ao campo da engenharia el\u00e9trica (a tal \u00e1rvore de t\u00edtulos), restri\u00e7\u00e3o agora eliminada pela resolu\u00e7\u00e3o 1.073\/2016. Com isso, o engenheiro Rodrigo Lamas conseguiu atrav\u00e9s desta vit\u00f3ria jur\u00eddica um fato de amplitude imensur\u00e1vel, uma vez que ilustres e reconhecidos engenheiros el\u00e9tricos de todo o Brasil os quais usufruir\u00e3o desta jurisprud\u00eancia para pleitear serem habilitados a posi\u00e7\u00f5es de maiores exig\u00eancias t\u00e9cnicas na \u00e1rea de engenharia aeron\u00e1utica. Vale lembrar que haja sucesso neste pleito n\u00e3o basta apenas um graduado ou profissional da engenharia, mas tamb\u00e9m \u00e9 necess\u00e1rio possuir, assim como Rodrigo, um reconhecimento \u00fanico e extraordin\u00e1rio pelo mercado nacional no \u00e2mbito t\u00e9cnico de engenharia avan\u00e7ada.<\/p>\n<p>Rodrigo, ainda cerca do ineditismo do feito, prossegue: &#8220;Estudei nas melhores institui\u00e7\u00f5es do pa\u00eds, escolas com presen\u00e7a internacional que formam os melhores engenheiros do mundo. Infelizmente, at\u00e9 pouco tempo atr\u00e1s, o sistema CREA\/CONFEA era incapaz de reconhecer a combina\u00e7\u00e3o dos cursos de gradua\u00e7\u00e3o e mestrado e mesmo com a resolu\u00e7\u00e3o 1.073\/2016 sendo promulgada em 2016, o sistema ainda punha empecilhos aos profissionais, parecendo ser incapaz de reconhecer os feitos extraordin\u00e1rios realizados por alguns engenheiros. Atrav\u00e9s do estudo da nova norma, da ci\u00eancia dos meus direitos conseguimos este extraordin\u00e1rio e in\u00e9dito feito.&#8221;<\/p>\n<p>Rodrigo ainda explica que o sistema CREA\/CONFEA tem 27 regionais vinculadas aos 26 estados e ao DF e existe uma enorme falta de comunica\u00e7\u00e3o entre os mesmos e o CONFEA, fazendo com que o profissional tenha que correr atr\u00e1s dos seus direitos.<\/p>\n<p>Ao deferir a tutela de urg\u00eancia, o juiz determinou a inclus\u00e3o imediata da compet\u00eancia aeron\u00e1utica nos registros profissionais do engenheiro.<\/p>\n<p>&#8220;J\u00e1 podemos ver uma tend\u00eancia do Judici\u00e1rio de priorizar o acesso a mais possibilidades de trabalho em alto postos para os engenheiros, o que \u00e9 extraordin\u00e1rio e in\u00e9dito. Tenho enorme orgulho de ter sido o primeiro engenheiro do Brasil a conseguir realizar o que outrora parecia imposs\u00edvel. Para profissionais extraordin\u00e1rios n\u00e3o h\u00e1 limites.&#8221;, complementa Rodrigo.<\/p>\n<p>Rodrigo ainda conclui com uma impress\u00e3o que lhe restou deste processo: &#8220;Uma norma nova demanda preparo do conselho para que ela tenha efetividade e n\u00e3o foi isso que nos pareceu. O conselho federal teve a coragem de atacar um problema que carecia os engenheiros de todo o Brasil h\u00e1 d\u00e9cadas. Por\u00e9m, dada a falta de preparo dos conselhos regionais, foi necess\u00e1rio que algu\u00e9m extraordin\u00e1rio tomasse uma atitude para que a teoria fosse colocada em pr\u00e1tica. Mas \u00e9 apenas uma impress\u00e3o&#8221;, finaliza o agora Engenheiro Eletr\u00f4nico e de Computa\u00e7\u00e3o e agora Engenheiro Aeron\u00e1utico.<\/p>\n<\/div>\n<p><a href=\"https:\/\/www.terra.com.br\/noticias\/dino\/em-decisao-inedita-brasileiro-se-tornou-o-primeiro-engenheiro-a-ter-suas-atribuicoes-ampliadas-perante-o-confea,79716e420aaa8c96ce2b73daf5248c94zg6pv15m.html\">Fonte<\/a>: <a href=\"https:\/\/www.terra.com.br\/noticias\/dino\/em-decisao-inedita-brasileiro-se-tornou-o-primeiro-engenheiro-a-ter-suas-atribuicoes-ampliadas-perante-o-confea,79716e420aaa8c96ce2b73daf5248c94zg6pv15m.html\">https:\/\/www.terra.com.br\/noticias\/dino\/em-decisao-inedita-brasileiro-se-tornou-o-primeiro-engenheiro-a-ter-suas-atribuicoes-ampliadas-perante-o-confea,79716e420aaa8c96ce2b73daf5248c94zg6pv15m.html<\/a><\/p>\n","protected":false},"excerpt":{"rendered":"","protected":false},"author":293,"featured_media":10229,"comment_status":"open","ping_status":"open","sticky":false,"template":"","format":"standard","meta":{"_joinchat":[],"footnotes":""},"categories":[43],"tags":[],"class_list":["post-10228","post","type-post","status-publish","format-standard","has-post-thumbnail","hentry","category-noticias-e-destaques"],"acf":[],"_links":{"self":[{"href":"https:\/\/ibape-nacional.com.br\/site\/wp-json\/wp\/v2\/posts\/10228","targetHints":{"allow":["GET"]}}],"collection":[{"href":"https:\/\/ibape-nacional.com.br\/site\/wp-json\/wp\/v2\/posts"}],"about":[{"href":"https:\/\/ibape-nacional.com.br\/site\/wp-json\/wp\/v2\/types\/post"}],"author":[{"embeddable":true,"href":"https:\/\/ibape-nacional.com.br\/site\/wp-json\/wp\/v2\/users\/293"}],"replies":[{"embeddable":true,"href":"https:\/\/ibape-nacional.com.br\/site\/wp-json\/wp\/v2\/comments?post=10228"}],"version-history":[{"count":0,"href":"https:\/\/ibape-nacional.com.br\/site\/wp-json\/wp\/v2\/posts\/10228\/revisions"}],"wp:featuredmedia":[{"embeddable":true,"href":"https:\/\/ibape-nacional.com.br\/site\/wp-json\/wp\/v2\/media\/10229"}],"wp:attachment":[{"href":"https:\/\/ibape-nacional.com.br\/site\/wp-json\/wp\/v2\/media?parent=10228"}],"wp:term":[{"taxonomy":"category","embeddable":true,"href":"https:\/\/ibape-nacional.com.br\/site\/wp-json\/wp\/v2\/categories?post=10228"},{"taxonomy":"post_tag","embeddable":true,"href":"https:\/\/ibape-nacional.com.br\/site\/wp-json\/wp\/v2\/tags?post=10228"}],"curies":[{"name":"wp","href":"https:\/\/api.w.org\/{rel}","templated":true}]}}