{"id":12660,"date":"2020-12-09T18:00:18","date_gmt":"2020-12-09T21:00:18","guid":{"rendered":"https:\/\/ibape-nacional.com.br\/site\/?p=12660"},"modified":"2021-01-11T11:09:34","modified_gmt":"2021-01-11T14:09:34","slug":"1o-seminario-internacional-de-avaliacao-de-bens-rurais-e-ambientais","status":"publish","type":"post","link":"https:\/\/ibape-nacional.com.br\/site\/1o-seminario-internacional-de-avaliacao-de-bens-rurais-e-ambientais\/","title":{"rendered":"Save The Date: 1\u00ba Semin\u00e1rio Internacional de Avalia\u00e7\u00e3o de Bens Rurais e Ambientais."},"content":{"rendered":"<p><!--more--><\/p>\n<p><strong>1\u00ba Semin\u00e1rio Internacional de Avalia\u00e7\u00e3o de Bens Rurais e Ambientais.<\/strong><br \/>\n<strong>1\u00ba Seminario Internacional de Valoraci\u00f3n de Bienes Rurales y Ambientales.<\/strong><\/p>\n<p><strong>Quando<\/strong>: De 01\/02\/2021 a 05\/02\/2021.<\/p>\n<table style=\"border-collapse: collapse; width: 37.1515%;\" border=\"1\">\n<tbody>\n<tr>\n<td style=\"width: 27.4536%; text-align: center;\"><strong>Data<\/strong><\/td>\n<td style=\"width: 25.7852%; text-align: center;\"><strong>In\u00edcio<\/strong><\/td>\n<td style=\"width: 27.6442%; text-align: center;\"><strong>T\u00e9rmino<\/strong><\/td>\n<\/tr>\n<tr>\n<td style=\"width: 27.4536%; text-align: center;\">01\/02\/2020<\/td>\n<td style=\"width: 25.7852%; text-align: center;\">17:00h<\/td>\n<td style=\"width: 27.6442%; text-align: center;\">20:40h<\/td>\n<\/tr>\n<tr>\n<td style=\"width: 27.4536%; text-align: center;\">02\/02\/2020<\/td>\n<td style=\"width: 25.7852%; text-align: center;\">17:00h<\/td>\n<td style=\"width: 27.6442%; text-align: center;\">20:10h<\/td>\n<\/tr>\n<tr>\n<td style=\"width: 27.4536%; text-align: center;\">03\/02\/2020<\/td>\n<td style=\"width: 25.7852%; text-align: center;\">17:00h<\/td>\n<td style=\"width: 27.6442%; text-align: center;\">20:10h<\/td>\n<\/tr>\n<tr>\n<td style=\"width: 27.4536%; text-align: center;\">04\/02\/2020<\/td>\n<td style=\"width: 25.7852%; text-align: center;\">17:00h<\/td>\n<td style=\"width: 27.6442%; text-align: center;\">20:10h<\/td>\n<\/tr>\n<tr>\n<td style=\"width: 27.4536%; text-align: center;\">05\/02\/2020<\/td>\n<td style=\"width: 25.7852%; text-align: center;\">17:00h<\/td>\n<td style=\"width: 27.6442%; text-align: center;\">20:30h<\/td>\n<\/tr>\n<\/tbody>\n<\/table>\n<p><strong>Carga Hor\u00e1ria: <\/strong>16:00h.<br \/>\n<strong><br \/>\nLocal<\/strong>: Evento online, ser\u00e1 realizado atrav\u00e9s da Plataforma Zoom.<\/p>\n<p><strong>Investimento<\/strong>:<br \/>\nAssociado IBAPE: R$ 100,00.<br \/>\nN\u00e3o Associado IBAPE e Inscri\u00e7\u00f5es Internacionais: R$ 150,00.<\/p>\n<p><a href=\"https:\/\/ibape.ecommerceflex.com.br\/evento_detalhado.php?id=226\">Clique aqui<\/a> e fa\u00e7a sua inscri\u00e7\u00e3o nacional (associado e n\u00e3o associado) no site do IBAPE\/SP.<br \/>\n<a href=\"https:\/\/ibape-nacional.com.br\/site\/evento\/inscricao-internacional-1o-seminario-internacional-de-evaluacion-de-bienes-rurales-y-ambientales\/\">Clique aqui<\/a> e fa\u00e7a sua inscri\u00e7\u00e3o internacional no site do IBAPE Nacional.<\/p>\n<p>Em breve a programa\u00e7\u00e3o t\u00e9cnica completa!<\/p>\n<p><a href=\"https:\/\/ibape-nacional.com.br\/site\/wp-content\/uploads\/2020\/12\/1-SEMINARIO-IBAPE..jpg\"><img loading=\"lazy\" decoding=\"async\" class=\"aligncenter wp-image-12704\" src=\"https:\/\/ibape-nacional.com.br\/site\/wp-content\/uploads\/2020\/12\/1-SEMINARIO-IBAPE..jpg\" alt=\"\" width=\"700\" height=\"700\" srcset=\"https:\/\/ibape-nacional.com.br\/site\/wp-content\/uploads\/2020\/12\/1-SEMINARIO-IBAPE..jpg 1080w, https:\/\/ibape-nacional.com.br\/site\/wp-content\/uploads\/2020\/12\/1-SEMINARIO-IBAPE.-300x300.jpg 300w, https:\/\/ibape-nacional.com.br\/site\/wp-content\/uploads\/2020\/12\/1-SEMINARIO-IBAPE.-1024x1024.jpg 1024w, https:\/\/ibape-nacional.com.br\/site\/wp-content\/uploads\/2020\/12\/1-SEMINARIO-IBAPE.-150x150.jpg 150w, https:\/\/ibape-nacional.com.br\/site\/wp-content\/uploads\/2020\/12\/1-SEMINARIO-IBAPE.-768x768.jpg 768w\" sizes=\"auto, (max-width: 700px) 100vw, 700px\" \/><\/a><\/p>\n","protected":false},"excerpt":{"rendered":"","protected":false},"author":293,"featured_media":12704,"comment_status":"open","ping_status":"open","sticky":false,"template":"","format":"standard","meta":{"_joinchat":[],"footnotes":""},"categories":[43],"tags":[],"class_list":["post-12660","post","type-post","status-publish","format-standard","has-post-thumbnail","hentry","category-noticias-e-destaques"],"acf":[],"_links":{"self":[{"href":"https:\/\/ibape-nacional.com.br\/site\/wp-json\/wp\/v2\/posts\/12660","targetHints":{"allow":["GET"]}}],"collection":[{"href":"https:\/\/ibape-nacional.com.br\/site\/wp-json\/wp\/v2\/posts"}],"about":[{"href":"https:\/\/ibape-nacional.com.br\/site\/wp-json\/wp\/v2\/types\/post"}],"author":[{"embeddable":true,"href":"https:\/\/ibape-nacional.com.br\/site\/wp-json\/wp\/v2\/users\/293"}],"replies":[{"embeddable":true,"href":"https:\/\/ibape-nacional.com.br\/site\/wp-json\/wp\/v2\/comments?post=12660"}],"version-history":[{"count":18,"href":"https:\/\/ibape-nacional.com.br\/site\/wp-json\/wp\/v2\/posts\/12660\/revisions"}],"predecessor-version":[{"id":12712,"href":"https:\/\/ibape-nacional.com.br\/site\/wp-json\/wp\/v2\/posts\/12660\/revisions\/12712"}],"wp:featuredmedia":[{"embeddable":true,"href":"https:\/\/ibape-nacional.com.br\/site\/wp-json\/wp\/v2\/media\/12704"}],"wp:attachment":[{"href":"https:\/\/ibape-nacional.com.br\/site\/wp-json\/wp\/v2\/media?parent=12660"}],"wp:term":[{"taxonomy":"category","embeddable":true,"href":"https:\/\/ibape-nacional.com.br\/site\/wp-json\/wp\/v2\/categories?post=12660"},{"taxonomy":"post_tag","embeddable":true,"href":"https:\/\/ibape-nacional.com.br\/site\/wp-json\/wp\/v2\/tags?post=12660"}],"curies":[{"name":"wp","href":"https:\/\/api.w.org\/{rel}","templated":true}]}}