{"id":14848,"date":"2022-02-25T09:00:58","date_gmt":"2022-02-25T12:00:58","guid":{"rendered":"https:\/\/ibape-nacional.com.br\/site\/?p=14848"},"modified":"2022-03-21T11:25:22","modified_gmt":"2022-03-21T14:25:22","slug":"iv-seminario-nacional-de-engenharia-de-avaliacoes-e-pericias-a-importancia-da-engenharia-de-avaliacoes-e-pericias-para-sociedade-3","status":"publish","type":"post","link":"https:\/\/ibape-nacional.com.br\/site\/iv-seminario-nacional-de-engenharia-de-avaliacoes-e-pericias-a-importancia-da-engenharia-de-avaliacoes-e-pericias-para-sociedade-3\/","title":{"rendered":"IV SEMIN\u00c1RIO NACIONAL DE ENGENHARIA DE AVALIA\u00c7\u00d5ES E PER\u00cdCIAS: A IMPORT\u00c2NCIA DA ENGENHARIA DE AVALIA\u00c7\u00d5ES E PER\u00cdCIAS PARA SOCIEDADE."},"content":{"rendered":"<p><!--more--><\/p>\n<p><strong>Dia 17 de mar\u00e7o<br \/>\nHor\u00e1rio: Das 08:00h \u00e0s 16:00h<br \/>\nLocal: Hotel Deville Prime Salvador<\/strong><\/p>\n<p><strong>Associado<\/strong>\u00a0<a href=\"https:\/\/ibape-nacional.com.br\/site\/evento\/inscricao-exclusiva-para-associados\/\">clique aqui<\/a>\u00a0e fa\u00e7a sua inscri\u00e7\u00e3o.<\/p>\n<p><strong>N\u00e3o Associado<\/strong>\u00a0<a href=\"https:\/\/ibape-nacional.com.br\/site\/evento\/inscricao-nao-associados\/\">clique aqui<\/a>\u00a0e fa\u00e7a sua inscri\u00e7\u00e3o<\/p>\n<p><span data-offset-key=\"ak44t-0-0\">Informe o nome do evento para obter desconto em sua reserva no <a href=\"https:\/\/www.deville.com.br\/hotel-deville-prime-salvador\">D<\/a><\/span><a href=\"https:\/\/www.deville.com.br\/hotel-deville-prime-salvador\"><span class=\"_247o\" spellcheck=\"false\" data-offset-key=\"ak44t-1-0\"><span data-offset-key=\"ak44t-1-0\">eville Salvador<\/span><\/span><\/a><span data-offset-key=\"ak44t-2-0\">.<\/span><\/p>\n<p><!--more--><\/p>\n<div class=\"\" data-block=\"true\" data-editor=\"aci8g\" data-offset-key=\"3a0ku-0-0\">\n<div class=\"_1mf _1mj\" data-offset-key=\"3a0ku-0-0\">O evento est\u00e1 sendo realizado em parceria com o IBAPE Bahia e conta com o importante patroc\u00ednio do <a href=\"https:\/\/www.confea.org.br\/\">Conselho Federal de Engenharia e Agronomia<\/a> e da <a href=\"https:\/\/www.mutua.com.br\/\">M\u00fatua &#8211; Caixa de Assist\u00eancia dos Profissionais do Crea<\/a> para sua realiza\u00e7\u00e3o.<\/div>\n<\/div>\n<p><!--more--><\/p>\n<p>Aproveitamos para convid\u00e1-lo a participar da <em>Cerim\u00f4nia de Posse da Diretoria Executiva do IBAPE Nacional<\/em>, a ser realizada no mesmo dia e local, a partir das 18:30h.<\/p>\n<p><a href=\"https:\/\/ibape-nacional.com.br\/site\/convite-cerimonia-de-posse-diretoria-executiva-ibape-nacional\/\">Clique aqui<\/a> e saiba mais.<\/p>\n<p><!--more--><\/p>\n<div style=\"width: 1920px;\" class=\"wp-video\"><video class=\"wp-video-shortcode\" id=\"video-14848-1\" width=\"1920\" height=\"1080\" preload=\"metadata\" controls=\"controls\"><source type=\"video\/mp4\" src=\"https:\/\/ibape-nacional.com.br\/site\/wp-content\/uploads\/2022\/03\/IV-SEMINARIO-NACIONAL-DE-ENG-DE-AV-E-PER.mp4?_=1\" \/><a href=\"https:\/\/ibape-nacional.com.br\/site\/wp-content\/uploads\/2022\/03\/IV-SEMINARIO-NACIONAL-DE-ENG-DE-AV-E-PER.mp4\">https:\/\/ibape-nacional.com.br\/site\/wp-content\/uploads\/2022\/03\/IV-SEMINARIO-NACIONAL-DE-ENG-DE-AV-E-PER.mp4<\/a><\/video><\/div>\n","protected":false},"excerpt":{"rendered":"","protected":false},"author":293,"featured_media":14707,"comment_status":"open","ping_status":"open","sticky":false,"template":"","format":"standard","meta":{"_joinchat":[],"footnotes":""},"categories":[43],"tags":[],"class_list":["post-14848","post","type-post","status-publish","format-standard","has-post-thumbnail","hentry","category-noticias-e-destaques"],"acf":[],"_links":{"self":[{"href":"https:\/\/ibape-nacional.com.br\/site\/wp-json\/wp\/v2\/posts\/14848","targetHints":{"allow":["GET"]}}],"collection":[{"href":"https:\/\/ibape-nacional.com.br\/site\/wp-json\/wp\/v2\/posts"}],"about":[{"href":"https:\/\/ibape-nacional.com.br\/site\/wp-json\/wp\/v2\/types\/post"}],"author":[{"embeddable":true,"href":"https:\/\/ibape-nacional.com.br\/site\/wp-json\/wp\/v2\/users\/293"}],"replies":[{"embeddable":true,"href":"https:\/\/ibape-nacional.com.br\/site\/wp-json\/wp\/v2\/comments?post=14848"}],"version-history":[{"count":3,"href":"https:\/\/ibape-nacional.com.br\/site\/wp-json\/wp\/v2\/posts\/14848\/revisions"}],"predecessor-version":[{"id":14910,"href":"https:\/\/ibape-nacional.com.br\/site\/wp-json\/wp\/v2\/posts\/14848\/revisions\/14910"}],"wp:featuredmedia":[{"embeddable":true,"href":"https:\/\/ibape-nacional.com.br\/site\/wp-json\/wp\/v2\/media\/14707"}],"wp:attachment":[{"href":"https:\/\/ibape-nacional.com.br\/site\/wp-json\/wp\/v2\/media?parent=14848"}],"wp:term":[{"taxonomy":"category","embeddable":true,"href":"https:\/\/ibape-nacional.com.br\/site\/wp-json\/wp\/v2\/categories?post=14848"},{"taxonomy":"post_tag","embeddable":true,"href":"https:\/\/ibape-nacional.com.br\/site\/wp-json\/wp\/v2\/tags?post=14848"}],"curies":[{"name":"wp","href":"https:\/\/api.w.org\/{rel}","templated":true}]}}