{"id":14918,"date":"2022-03-18T09:00:03","date_gmt":"2022-03-18T12:00:03","guid":{"rendered":"https:\/\/ibape-nacional.com.br\/site\/?p=14918"},"modified":"2022-03-22T09:52:07","modified_gmt":"2022-03-22T12:52:07","slug":"crea-ba-participa-da-posse-da-diretoria-do-ibape-nacional-em-salvador","status":"publish","type":"post","link":"https:\/\/ibape-nacional.com.br\/site\/crea-ba-participa-da-posse-da-diretoria-do-ibape-nacional-em-salvador\/","title":{"rendered":"Crea-BA participa da posse da diretoria do Ibape Nacional em Salvador."},"content":{"rendered":"<header class=\"border-titulo\">\n<h1><!--more--><\/h1>\n<p><span style=\"font-size: 24px;\"><small class=\"text-muted mt-3\">Presidente e conselheiros do Crea-BA participaram da posse que aconteceu ap\u00f3s o IV Semin\u00e1rio Nacional de Avalia\u00e7\u00f5es e Per\u00edcias. Baiano Amarilio Mattos vai comandar o Instituto no bi\u00eanio 2022-2023.<\/small><\/span><\/p>\n<\/header>\n<section><em><small>18 de mar\u00e7o de 2022, \u00e0s 13h39 &#8211; Tempo de leitura aproximado: 5 minutos<\/small><\/em><\/section>\n<section class=\"mb-5 d-print-none\">\n<div class=\"addtoany-container\">\n<div class=\"addtoany_shortcode\">\n<div class=\"a2a_kit a2a_kit_size_32 addtoany_list\" data-a2a-url=\"http:\/\/www.creaba.org.br\/crea-ba-participa-da-posse-da-diretoria-do-ibape-nacional-em-salvador\/\" data-a2a-title=\"Crea-BA participa da posse da diretoria do Ibape Nacional em Salvador\"><\/div>\n<\/div>\n<\/div>\n<\/section>\n<p><img decoding=\"async\" class=\"post-thumbnail post-thumbnail-id-32724\" src=\"http:\/\/www.creaba.org.br\/wp-content\/uploads\/2022\/03\/WhatsApp-Image-2022-03-18-at-13.32.43-847x702.jpeg\" alt=\"\" \/><a href=\"https:\/\/ibape-nacional.com.br\/site\/wp-content\/uploads\/2022\/03\/NOTA-01.jpeg\"><img loading=\"lazy\" decoding=\"async\" class=\"aligncenter wp-image-14923\" src=\"https:\/\/ibape-nacional.com.br\/site\/wp-content\/uploads\/2022\/03\/NOTA-01.jpeg\" alt=\"\" width=\"700\" height=\"580\" srcset=\"https:\/\/ibape-nacional.com.br\/site\/wp-content\/uploads\/2022\/03\/NOTA-01.jpeg 847w, https:\/\/ibape-nacional.com.br\/site\/wp-content\/uploads\/2022\/03\/NOTA-01-300x249.jpeg 300w, https:\/\/ibape-nacional.com.br\/site\/wp-content\/uploads\/2022\/03\/NOTA-01-768x637.jpeg 768w, https:\/\/ibape-nacional.com.br\/site\/wp-content\/uploads\/2022\/03\/NOTA-01-150x124.jpeg 150w\" sizes=\"auto, (max-width: 700px) 100vw, 700px\" \/><\/a><\/p>\n<section class=\"d-inline-block w-100\">Aproveitando a realiza\u00e7\u00e3o do IV Semin\u00e1rio Nacional\u00a0 de Engenharia de Avalia\u00e7\u00f5es e Per\u00edcias, realizado no Hotel Deville Prime Salvador na \u00faltima quinta-feira (17), foi empossada a nova diretoria nacional do Instituto Brasileiro de Avalia\u00e7\u00f5es e Per\u00edcias de Engenharia (Ibape). A entidade ser\u00e1 representada nacionalmente pelo baiano, eng. qu\u00edmico Amar\u00edlio Mattos J\u00fanior, no bi\u00eanio 2022-2023. Com sede em S\u00e3o Paulo, o Ibape foi fundado em 1957 e \u00e9 uma entidade federativa de car\u00e1ter t\u00e9cnico, com destaque para o desenvolvimento de atividades voltadas aos profissionais da engenharia e arquitetura atuantes nos campos das avalia\u00e7\u00f5es de bens e per\u00edcias.<a href=\"https:\/\/ibape-nacional.com.br\/site\/wp-content\/uploads\/2022\/03\/NOTA-02.jpeg\"><img loading=\"lazy\" decoding=\"async\" class=\"aligncenter wp-image-14922\" src=\"https:\/\/ibape-nacional.com.br\/site\/wp-content\/uploads\/2022\/03\/NOTA-02.jpeg\" alt=\"\" width=\"700\" height=\"394\" srcset=\"https:\/\/ibape-nacional.com.br\/site\/wp-content\/uploads\/2022\/03\/NOTA-02.jpeg 768w, https:\/\/ibape-nacional.com.br\/site\/wp-content\/uploads\/2022\/03\/NOTA-02-300x169.jpeg 300w, https:\/\/ibape-nacional.com.br\/site\/wp-content\/uploads\/2022\/03\/NOTA-02-150x84.jpeg 150w\" sizes=\"auto, (max-width: 700px) 100vw, 700px\" \/><\/a>O agora ex-presidente do Ibape, eng. civil Clemeceu Chiabi Saliba Junior, abriu os trabalhos da mesa diretiva da solenidade fazendo uma reflex\u00e3o sobre os \u00faltimos dois anos a frente da Institui\u00e7\u00e3o. \u201cMesmo com todos os desafios do per\u00edodo pand\u00eamico, mantivemos as a\u00e7\u00f5es de forma\u00e7\u00e3o t\u00e9cnica para os nossos associados. E mesmo nesse caos que o nosso planeta vivenciou e vem vivenciando, conseguimos manter a mobiliza\u00e7\u00e3o e protagonismo do Ibape Nacional\u201d, destacou Saliba.<\/p>\n<p>Representando a Federa\u00e7\u00e3o das Ind\u00fastrias do Estado da Bahia (Fieb) e o Sindicato da Ind\u00fastria da Constru\u00e7\u00e3o do Estado da Bahia (Sinduscon), Carlos Passos, destacou que antes mesmo da posse oficial j\u00e1 esteve reunido com o novo presidente do Ibape Nacional, Amar\u00edlio Matos. \u201cElegemos uma \u00e1rea que podemos atuar juntos, que est\u00e1 relacionada ao exerc\u00edcio da atividade de avalia\u00e7\u00e3o com conhecimento t\u00e9cnico que esperamos. Al\u00e9m disso, conversamos sobre como defender as empresas\u201d, afirmou Passos, que \u00e9 vice-presidente da Fieb.<\/p>\n<p>A Caixa Econ\u00f4mica Federal foi representada por Andr\u00e9 Fonseca, gerente regional de atividade t\u00e9cnica especializada, que falou sobre a import\u00e2ncia do Ibape em duas \u00e1reas de forte atua\u00e7\u00e3o da Caixa. \u201cO trabalho de engenheiros e arquitetos \u00e9 fundamental para concess\u00e3o de diversas linhas de cr\u00e9dito da Caixa. O papel desta entidade \u00e9 muito importante para o desenvolvimento econ\u00f4mico\u201d, destacou.<\/p>\n<p>A Caixa de Assist\u00eancia do Crea-BA (M\u00fatua-BA), esteve presente no evento atrav\u00e9s da sua diretora-geral Karen Daniela, que destacou o trabalho de Amar\u00edlio Mattos como gestor e ainda a necessidade de mais mulheres ocupando espa\u00e7os. \u201cRepresento a M\u00fatua Nacional no Programa Mulher do Sistema Confea\/Crea e M\u00fatua e \u00e9 importante que tenhamos mulheres na diretoria do Ibape e das demais entidades\u201d.<\/p>\n<p>Joseval Carqueija, presidente do Conselho Regional de Engenharia e Agronomia da Bahia (Crea-BA), destacou que vem buscando a frente da institui\u00e7\u00e3o, apoiar as entidades\u00a0 profissionais, como Ibape-BA, pois \u00e9 necess\u00e1rio dar o crescimento t\u00e9cnico que os profissionais precisam e isso acontece atrav\u00e9s das entidades. Carqueija destacou ainda\u00a0a\u00a0<a href=\"https:\/\/www.bcb.gov.br\/pre\/normativos\/busca\/downloadNormativo.asp?arquivo=\/Lists\/Normativos\/Attachments\/50848\/Res_4754_v1_O.pdf\">Resolu\u00e7\u00e3o n\u00ba 4.754\/2019<\/a>, editada pelo Banco Central (Bacen),\u00a0 a qual permite que avalia\u00e7\u00f5es de im\u00f3veis prescindam de vistorias de profissionais habilitados.\u00a0 \u201cEstamos brigando pelos profissionais da \u00e1rea de avalia\u00e7\u00f5es. Estamos em contato com Minist\u00e9rio P\u00fablico, pois precisamos mostrar ao corretor o lugar dele e refor\u00e7ar as atribui\u00e7\u00f5es do engenheiro nesta \u00e1rea\u201d, destacou o presidente do Crea-BA.<\/p>\n<p><a href=\"https:\/\/ibape-nacional.com.br\/site\/wp-content\/uploads\/2022\/03\/NOTA-03-1.jpeg\"><img loading=\"lazy\" decoding=\"async\" class=\"size-full wp-image-14925 aligncenter\" src=\"https:\/\/ibape-nacional.com.br\/site\/wp-content\/uploads\/2022\/03\/NOTA-03-1.jpeg\" alt=\"\" width=\"768\" height=\"576\" srcset=\"https:\/\/ibape-nacional.com.br\/site\/wp-content\/uploads\/2022\/03\/NOTA-03-1.jpeg 768w, https:\/\/ibape-nacional.com.br\/site\/wp-content\/uploads\/2022\/03\/NOTA-03-1-300x225.jpeg 300w, https:\/\/ibape-nacional.com.br\/site\/wp-content\/uploads\/2022\/03\/NOTA-03-1-150x113.jpeg 150w\" sizes=\"auto, (max-width: 768px) 100vw, 768px\" \/><\/a><\/p>\n<p>O presidente da Caixa de Assist\u00eancia dos Profissionais do Crea (M\u00fatua), Francisco Almeida, iniciou parabenizando o Ibape por ter enfrentado os dois anos de dificuldade com supera\u00e7\u00e3o. Francisco destacou a reformula\u00e7\u00e3o que tem feito na M\u00fatua Nacional dando um car\u00e1ter de acolhimento ao profissional. \u201cNosso foco hoje \u00e9 cultura, acolhimento e educa\u00e7\u00e3o, nossos profissionais precisam disso\u201d. Ele ressaltou ainda a aprova\u00e7\u00e3o do Divulga M\u00fatua, sistema de apoio \u00e0s entidades, que \u00e9 voltado para capacita\u00e7\u00e3o dos profissionais.<\/p>\n<p>Representando o Conselho Federal de Arquitetura e Urbanismo (CAU), Guivaldo Baptista, refor\u00e7ou \u00e0 transi\u00e7\u00e3o cordial entre as gest\u00f5es. \u201cExiste um esp\u00edrito de continuidade, o que \u00e9 importante destacar\u201d. Na sequ\u00eancia, Wilson Lang, representando o Conselho Federal de Engenharia e Agronomia (Confea), falou sobre o apoio dos Creas estaduais aos Ibapes. Acrescentou ainda a import\u00e2ncia da M\u00fatua como futuro dos profissionais e do Ibape para forma\u00e7\u00e3o profissional. \u201cO Instituto tem cursos de capacita\u00e7\u00e3o, p\u00f3s-gradua\u00e7\u00e3o e, em parceria com a M\u00fatua, podemos ter no Sistema uma universidade futura\u201d, destacou Lang.<\/p>\n<p>Encerrando a cerim\u00f4nia de posse do Ibape Nacional, Amar\u00edlio Mattos, agora como presidente para o pr\u00f3ximo bi\u00eanio, fez um breve discurso. Ele iniciou afirmando que a diretoria tem uma grande representatividade feminina, o que tem sido uma pauta constante entre as entidades. Filiado ao Ibape desde 2011, Amar\u00edlio mencionou os desafios que ter\u00e1 pela frente e perguntou aos participantes se conheciam a diferen\u00e7a entre coaching e mentor. Para explicar a diferen\u00e7a entre ambos, usou seu pr\u00f3prio exemplo. \u201cTodos n\u00f3s precisamos de algum tipo de orienta\u00e7\u00e3o. O coaching faz perguntas chaves para voc\u00ea identificar o caminho. Voc\u00ea vai descobrindo seu caminho. J\u00e1 o mentor vai lhe dizendo o que voc\u00ea deve fazer, ao inv\u00e9s de questionar ele te guia, direciona para onde seguir. Fiz uma forma\u00e7\u00e3o de coaching e tenho mentores fundamentais. Todos precisamos\u201d, respondeu.<\/p>\n<p>Amar\u00edlio finalizou destacando que vai fortalecer o Ibape (incluindo os estaduais), conhecido por seu car\u00e1ter t\u00e9cnico; implementar a Lei Geral de Prote\u00e7\u00e3o de Dados (LGPD); buscar credibilidade dos servi\u00e7os prestados e mostrar isso aos contratantes; acompanhar as discuss\u00f5es das legisla\u00e7\u00f5es que impactam as profiss\u00f5es; dentre outras a\u00e7\u00f5es.<\/p>\n<p>Estiveram presentes na cerim\u00f4nia de posse, o presidente do Crea-GO, Lamartine Moreira, e o presidente do Crea-ES, Jorge Silva. Os conselheiros do Crea-BA, eng. mec\u00e2nico Eder Ramos, eng. civil Arival Cidade, eng. civil Andr\u00e9 Tavares (presidente do Ibape-BA), eng. civil Wagner Santana (vice-presidente administrativo do Ibape-BA), eng. civil Caio Amaral e o eng. mec\u00e2nico Marcelo Almeida.<\/p>\n<p>Saiba mais sobre o Ibape:\u00a0<a href=\"http:\/\/www.ibape-nacional.com.br\/\">www.ibape-nacional.com.br<\/a><\/p>\n<p>&nbsp;<\/p>\n<p><strong>Sobre o Semin\u00e1rio<\/strong><\/p>\n<p>O IV Semin\u00e1rio Nacional de Engenharia de Avalia\u00e7\u00f5es e Per\u00edcias trouxe debates importantes para os participantes. O primeiro tema discutido foi \u201cA prova pericial no processo civil\u201d, que teve como debatedores o desembargador M\u00e1rio Augusto Albiani J\u00fanior, o ex-presidente da Ordem dos Advogados do Brasil \u2013 se\u00e7\u00e3o Bahia (OAB), Fabrico Castro e o eng. Francisco Maia Neto.\u00a0 A discuss\u00e3o deixou claro a import\u00e2ncia da prova pericial como como instrumento probat\u00f3rio.<\/p>\n<p>J\u00e1 no per\u00edodo da tarde, foi discutida a \u201cNorma de per\u00edcia ABNT NBR 13.752\u201d, que fixa as diretrizes b\u00e1sicas, conceitos, crit\u00e9rios e procedimentos relativos \u00e0s per\u00edcias de engenharia na constru\u00e7\u00e3o civil, a cargo dos engenheiros Oct\u00e1vio Galv\u00e3o Neto, Frederico Correia e Arival Cidade. O \u00faltimo assunto abordado no Semin\u00e1rio foi \u201cDesapropria\u00e7\u00f5es\u201d, que abordou metodologias e normas utilizadas, al\u00e9m da\u00a0legisla\u00e7\u00e3o aplic\u00e1vel as desapropria\u00e7\u00f5es e que peritos e assistentes t\u00e9cnicos devem conhecer. O tema foi abordado pelos engenheiros Arthur Guerra, Os\u00f3rio Accioly e Jos\u00e9 Neto.<\/p>\n<p>Vanessa Costa<\/p>\n<\/section>\n<p>&nbsp;<\/p>\n<p>Fonte: <a href=\"http:\/\/www.creaba.org.br\/crea-ba-participa-da-posse-da-diretoria-do-ibape-nacional-em-salvador\/\">http:\/\/www.creaba.org.br\/crea-ba-participa-da-posse-da-diretoria-do-ibape-nacional-em-salvador\/<\/a><\/p>\n","protected":false},"excerpt":{"rendered":"","protected":false},"author":293,"featured_media":14925,"comment_status":"open","ping_status":"open","sticky":false,"template":"","format":"standard","meta":{"_joinchat":[],"footnotes":""},"categories":[43],"tags":[],"class_list":["post-14918","post","type-post","status-publish","format-standard","has-post-thumbnail","hentry","category-noticias-e-destaques"],"acf":[],"_links":{"self":[{"href":"https:\/\/ibape-nacional.com.br\/site\/wp-json\/wp\/v2\/posts\/14918","targetHints":{"allow":["GET"]}}],"collection":[{"href":"https:\/\/ibape-nacional.com.br\/site\/wp-json\/wp\/v2\/posts"}],"about":[{"href":"https:\/\/ibape-nacional.com.br\/site\/wp-json\/wp\/v2\/types\/post"}],"author":[{"embeddable":true,"href":"https:\/\/ibape-nacional.com.br\/site\/wp-json\/wp\/v2\/users\/293"}],"replies":[{"embeddable":true,"href":"https:\/\/ibape-nacional.com.br\/site\/wp-json\/wp\/v2\/comments?post=14918"}],"version-history":[{"count":5,"href":"https:\/\/ibape-nacional.com.br\/site\/wp-json\/wp\/v2\/posts\/14918\/revisions"}],"predecessor-version":[{"id":14928,"href":"https:\/\/ibape-nacional.com.br\/site\/wp-json\/wp\/v2\/posts\/14918\/revisions\/14928"}],"wp:featuredmedia":[{"embeddable":true,"href":"https:\/\/ibape-nacional.com.br\/site\/wp-json\/wp\/v2\/media\/14925"}],"wp:attachment":[{"href":"https:\/\/ibape-nacional.com.br\/site\/wp-json\/wp\/v2\/media?parent=14918"}],"wp:term":[{"taxonomy":"category","embeddable":true,"href":"https:\/\/ibape-nacional.com.br\/site\/wp-json\/wp\/v2\/categories?post=14918"},{"taxonomy":"post_tag","embeddable":true,"href":"https:\/\/ibape-nacional.com.br\/site\/wp-json\/wp\/v2\/tags?post=14918"}],"curies":[{"name":"wp","href":"https:\/\/api.w.org\/{rel}","templated":true}]}}