{"id":14994,"date":"2022-04-28T13:52:45","date_gmt":"2022-04-28T16:52:45","guid":{"rendered":"https:\/\/ibape-nacional.com.br\/site\/?p=14994"},"modified":"2022-04-28T13:52:45","modified_gmt":"2022-04-28T16:52:45","slug":"ibape-participa-do-iii-seminario-nacional-sobre-fiscalizacao-avaliacoes-e-licitacoes-em-servicos-e-obras-de-engenharia-e-agronomia","status":"publish","type":"post","link":"https:\/\/ibape-nacional.com.br\/site\/ibape-participa-do-iii-seminario-nacional-sobre-fiscalizacao-avaliacoes-e-licitacoes-em-servicos-e-obras-de-engenharia-e-agronomia\/","title":{"rendered":"Ibape participa do III Semin\u00e1rio Nacional Sobre Fiscaliza\u00e7\u00e3o, Avalia\u00e7\u00f5es e Licita\u00e7\u00f5es em Servi\u00e7os e Obras de Engenharia e Agronomia."},"content":{"rendered":"<p><!--more--><\/p>\n<div class=\"\" data-block=\"true\" data-editor=\"eq12c\" data-offset-key=\"6mvou-0-0\">\n<div class=\"_1mf _1mj\" data-offset-key=\"6mvou-0-0\"><span data-offset-key=\"6mvou-0-0\">Eng. Amarilio Mattos &#8211; Presidente do Ibape, participa do III Semin\u00e1rio Nacional Sobre Fiscaliza\u00e7\u00e3o, Avalia\u00e7\u00f5es e Licita\u00e7\u00f5es em Servi\u00e7os e Obras de Engenharia e Agronomia, realizado pelo Crea Esp\u00edrito Santo.<\/span><\/div>\n<\/div>\n<div class=\"\" data-block=\"true\" data-editor=\"eq12c\" data-offset-key=\"ege4n-0-0\">\n<div class=\"_1mf _1mj\" data-offset-key=\"ege4n-0-0\"><span data-offset-key=\"ege4n-0-0\">\u00a0<\/span><\/div>\n<\/div>\n<div class=\"\" data-block=\"true\" data-editor=\"eq12c\" data-offset-key=\"dumju-0-0\">\n<div class=\"_1mf _1mj\" data-offset-key=\"dumju-0-0\"><span data-offset-key=\"dumju-0-0\">O evento acontece nos dias 28 e 29 de abril, no Centro de Conven\u00e7\u00f5es de Vit\u00f3ria (ES).<\/span><\/div>\n<\/div>\n<div class=\"\" data-block=\"true\" data-editor=\"eq12c\" data-offset-key=\"6rlt8-0-0\">\n<div class=\"_1mf _1mj\" data-offset-key=\"6rlt8-0-0\"><span data-offset-key=\"6rlt8-0-0\">\u00a0<\/span><\/div>\n<\/div>\n<p><!--more--><\/p>\n<div class=\"\" data-block=\"true\" data-editor=\"eq12c\" data-offset-key=\"bn2l0-0-0\"><\/div>\n<div class=\"_1mf _1mj\" data-offset-key=\"6r32b-0-0\">\n<div id=\"attachment_14995\" style=\"width: 710px\" class=\"wp-caption aligncenter\"><a href=\"https:\/\/ibape-nacional.com.br\/site\/wp-content\/uploads\/2022\/04\/SEMINARIO-CREA-01.jpg\"><img loading=\"lazy\" decoding=\"async\" aria-describedby=\"caption-attachment-14995\" class=\"wp-image-14995\" src=\"https:\/\/ibape-nacional.com.br\/site\/wp-content\/uploads\/2022\/04\/SEMINARIO-CREA-01.jpg\" alt=\"\" width=\"700\" height=\"933\" srcset=\"https:\/\/ibape-nacional.com.br\/site\/wp-content\/uploads\/2022\/04\/SEMINARIO-CREA-01.jpg 768w, https:\/\/ibape-nacional.com.br\/site\/wp-content\/uploads\/2022\/04\/SEMINARIO-CREA-01-225x300.jpg 225w, https:\/\/ibape-nacional.com.br\/site\/wp-content\/uploads\/2022\/04\/SEMINARIO-CREA-01-113x150.jpg 113w\" sizes=\"auto, (max-width: 700px) 100vw, 700px\" \/><\/a><p id=\"caption-attachment-14995\" class=\"wp-caption-text\">Na primeira foto com o Eng. Radegaz Nasser J\u00fanior &#8211; Membro do Conselho Consultivo Ibape e com o Eng. Marcos Mansour &#8211; Diretor de Rela\u00e7\u00f5es Internacionais do Ibape.<\/p><\/div>\n<p>&nbsp;<\/p>\n<div id=\"attachment_14996\" style=\"width: 710px\" class=\"wp-caption aligncenter\"><a href=\"https:\/\/ibape-nacional.com.br\/site\/wp-content\/uploads\/2022\/04\/SEMINARIO-CREA-02.jpg\"><img loading=\"lazy\" decoding=\"async\" aria-describedby=\"caption-attachment-14996\" class=\"wp-image-14996\" src=\"https:\/\/ibape-nacional.com.br\/site\/wp-content\/uploads\/2022\/04\/SEMINARIO-CREA-02.jpg\" alt=\"\" width=\"700\" height=\"933\" srcset=\"https:\/\/ibape-nacional.com.br\/site\/wp-content\/uploads\/2022\/04\/SEMINARIO-CREA-02.jpg 768w, https:\/\/ibape-nacional.com.br\/site\/wp-content\/uploads\/2022\/04\/SEMINARIO-CREA-02-225x300.jpg 225w, https:\/\/ibape-nacional.com.br\/site\/wp-content\/uploads\/2022\/04\/SEMINARIO-CREA-02-113x150.jpg 113w\" sizes=\"auto, (max-width: 700px) 100vw, 700px\" \/><\/a><p id=\"caption-attachment-14996\" class=\"wp-caption-text\">Na segunda foto, ao lado do Eng. Jorge Silva &#8211; Presidente do Crea Esp\u00edrito Santo.<\/p><\/div>\n<\/div>\n<p><!--more--><\/p>\n","protected":false},"excerpt":{"rendered":"","protected":false},"author":293,"featured_media":14995,"comment_status":"open","ping_status":"open","sticky":false,"template":"","format":"standard","meta":{"_joinchat":[],"footnotes":""},"categories":[43],"tags":[],"class_list":["post-14994","post","type-post","status-publish","format-standard","has-post-thumbnail","hentry","category-noticias-e-destaques"],"acf":[],"_links":{"self":[{"href":"https:\/\/ibape-nacional.com.br\/site\/wp-json\/wp\/v2\/posts\/14994","targetHints":{"allow":["GET"]}}],"collection":[{"href":"https:\/\/ibape-nacional.com.br\/site\/wp-json\/wp\/v2\/posts"}],"about":[{"href":"https:\/\/ibape-nacional.com.br\/site\/wp-json\/wp\/v2\/types\/post"}],"author":[{"embeddable":true,"href":"https:\/\/ibape-nacional.com.br\/site\/wp-json\/wp\/v2\/users\/293"}],"replies":[{"embeddable":true,"href":"https:\/\/ibape-nacional.com.br\/site\/wp-json\/wp\/v2\/comments?post=14994"}],"version-history":[{"count":1,"href":"https:\/\/ibape-nacional.com.br\/site\/wp-json\/wp\/v2\/posts\/14994\/revisions"}],"predecessor-version":[{"id":14997,"href":"https:\/\/ibape-nacional.com.br\/site\/wp-json\/wp\/v2\/posts\/14994\/revisions\/14997"}],"wp:featuredmedia":[{"embeddable":true,"href":"https:\/\/ibape-nacional.com.br\/site\/wp-json\/wp\/v2\/media\/14995"}],"wp:attachment":[{"href":"https:\/\/ibape-nacional.com.br\/site\/wp-json\/wp\/v2\/media?parent=14994"}],"wp:term":[{"taxonomy":"category","embeddable":true,"href":"https:\/\/ibape-nacional.com.br\/site\/wp-json\/wp\/v2\/categories?post=14994"},{"taxonomy":"post_tag","embeddable":true,"href":"https:\/\/ibape-nacional.com.br\/site\/wp-json\/wp\/v2\/tags?post=14994"}],"curies":[{"name":"wp","href":"https:\/\/api.w.org\/{rel}","templated":true}]}}