{"id":19001,"date":"2026-04-27T10:50:09","date_gmt":"2026-04-27T13:50:09","guid":{"rendered":"https:\/\/ibape-nacional.com.br\/site\/?p=19001"},"modified":"2026-04-27T16:20:24","modified_gmt":"2026-04-27T19:20:24","slug":"ibape-nacional-promove-workshop-sobre-inspecao-predial","status":"publish","type":"post","link":"https:\/\/ibape-nacional.com.br\/site\/ibape-nacional-promove-workshop-sobre-inspecao-predial\/","title":{"rendered":"IBAPE Nacional promove Workshop sobre Inspe\u00e7\u00e3o Predial"},"content":{"rendered":"<p><!--more--><\/p>\n<p>O IBAPE Nacional realizar\u00e1, no dia <strong>11 de junho de 2026<\/strong>, o <strong>III Workshop de Inspe\u00e7\u00e3o Predial<\/strong>, um encontro t\u00e9cnico voltado \u00e0 atualiza\u00e7\u00e3o profissional e ao debate sobre as novas partes da Norma de Inspe\u00e7\u00e3o Predial, o Projeto de Lei Federal em tramita\u00e7\u00e3o e o uso adequado dos laudos.<\/p>\n<p>O evento ocorrer\u00e1 <strong>das 16h30 \u00e0s 20h30<\/strong>, em formato online, com <strong>inscri\u00e7\u00e3o no valor de R$ 80,00 para associados e R$ 150,00 para n\u00e3o associados<\/strong>.<\/p>\n<p>O Workshop promover\u00e1 discuss\u00f5es qualificadas sobre a evolu\u00e7\u00e3o da inspe\u00e7\u00e3o predial no Brasil, seus desafios atuais e a import\u00e2ncia da atua\u00e7\u00e3o t\u00e9cnica respons\u00e1vel para a seguran\u00e7a das edifica\u00e7\u00f5es.<\/p>\n<p>A programa\u00e7\u00e3o contempla quatro temas centrais, conduzidos por palestrantes e moderadores com ampla experi\u00eancia na \u00e1rea:<\/p>\n<h3><strong>Hist\u00f3rico e evolu\u00e7\u00e3o da Inspe\u00e7\u00e3o Predial<\/strong><\/h3>\n<p><strong>Palestrante:<\/strong> Eng. Civil Ant\u00f4nio Carlos Dol\u00e1cio &#8211; Vice-Presidente T\u00e9cnico do IBAPE<br \/>\n<strong>Moderador:<\/strong> Eng. Civil Arival Cidade &#8211; Conselheiro do IBAPE<\/p>\n<h3><strong>Aspectos pr\u00e1ticos da metodologia<\/strong><\/h3>\n<p><strong>Palestrante:<\/strong> Eng.\u00aa Civil Fl\u00e1via Zo\u00e9ga Pujadas &#8211; Conselheira do IBAPE\/SP<br \/>\n<strong>Moderadora:<\/strong> Eng.\u00aa Civil Vera Regina Flores &#8211; Vice-Presidente de Avalia\u00e7\u00f5es do IBAPE\/PR<\/p>\n<h3><strong>Aspectos cr\u00edticos das legisla\u00e7\u00f5es sobre Inspe\u00e7\u00e3o Predial no Brasil<\/strong><\/h3>\n<p><strong>Palestrante:<\/strong> Eng.\u00aa Civil Patr\u00edcia Bertotto &#8211; Vice-Presidente de Comunica\u00e7\u00e3o e Marketing do IBAPE<br \/>\n<strong>Moderadora:<\/strong> Arq.\u00aa e Urbanista Adriana Roxo Nunes de Oliveira &#8211; Presidente do IBAPE\/RJ<\/p>\n<h3><strong>Exemplos de casos de uso indevido dos laudos de Inspe\u00e7\u00e3o Predial<\/strong><\/h3>\n<p><strong>Palestrantes:<br \/>\n<\/strong>Eng. Frederico Correia Lima Coelho &#8211; Conselheiro do IBAPE<br \/>\nEng. Darkson de Meireles Fonseca Jr &#8211; Vice-Presidente de Rela\u00e7\u00f5es com as Filiadas do IBAPE<br \/>\n<strong>Moderador:<\/strong> Eng. Lucio Bastos &#8211; Presidente do IBAPE\/ES<\/p>\n<p>O Workshop refor\u00e7a o compromisso do IBAPE Nacional com a capacita\u00e7\u00e3o cont\u00ednua dos profissionais e com a dissemina\u00e7\u00e3o de boas pr\u00e1ticas que fortalecem a engenharia diagn\u00f3stica no pa\u00eds.<\/p>\n<p><a href=\"https:\/\/loja.ibape-nacional.com.br\/produto\/iii-workshop-de-inspecao-predial-novas-partes-da-norma-projeto-de-lei-federal-e-uso-adequado\/\">Clique aqui<\/a> e garanta sua inscri\u00e7\u00e3o!<\/p>\n<p>&nbsp;<\/p>\n<p><!--more--><a href=\"https:\/\/ibape-nacional.com.br\/site\/wp-content\/uploads\/2026\/04\/CARROSSEL-01.jpeg\"><img loading=\"lazy\" decoding=\"async\" class=\"aligncenter size-full wp-image-19003\" src=\"https:\/\/ibape-nacional.com.br\/site\/wp-content\/uploads\/2026\/04\/CARROSSEL-01.jpeg\" alt=\"\" width=\"1254\" height=\"1254\" srcset=\"https:\/\/ibape-nacional.com.br\/site\/wp-content\/uploads\/2026\/04\/CARROSSEL-01.jpeg 1254w, https:\/\/ibape-nacional.com.br\/site\/wp-content\/uploads\/2026\/04\/CARROSSEL-01-300x300.jpeg 300w, https:\/\/ibape-nacional.com.br\/site\/wp-content\/uploads\/2026\/04\/CARROSSEL-01-1024x1024.jpeg 1024w, https:\/\/ibape-nacional.com.br\/site\/wp-content\/uploads\/2026\/04\/CARROSSEL-01-150x150.jpeg 150w, https:\/\/ibape-nacional.com.br\/site\/wp-content\/uploads\/2026\/04\/CARROSSEL-01-768x768.jpeg 768w\" sizes=\"auto, (max-width: 1254px) 100vw, 1254px\" \/><\/a><\/p>\n","protected":false},"excerpt":{"rendered":"","protected":false},"author":293,"featured_media":19003,"comment_status":"closed","ping_status":"closed","sticky":false,"template":"","format":"standard","meta":{"_joinchat":[],"footnotes":""},"categories":[43],"tags":[],"class_list":["post-19001","post","type-post","status-publish","format-standard","has-post-thumbnail","hentry","category-noticias-e-destaques"],"acf":[],"_links":{"self":[{"href":"https:\/\/ibape-nacional.com.br\/site\/wp-json\/wp\/v2\/posts\/19001","targetHints":{"allow":["GET"]}}],"collection":[{"href":"https:\/\/ibape-nacional.com.br\/site\/wp-json\/wp\/v2\/posts"}],"about":[{"href":"https:\/\/ibape-nacional.com.br\/site\/wp-json\/wp\/v2\/types\/post"}],"author":[{"embeddable":true,"href":"https:\/\/ibape-nacional.com.br\/site\/wp-json\/wp\/v2\/users\/293"}],"replies":[{"embeddable":true,"href":"https:\/\/ibape-nacional.com.br\/site\/wp-json\/wp\/v2\/comments?post=19001"}],"version-history":[{"count":2,"href":"https:\/\/ibape-nacional.com.br\/site\/wp-json\/wp\/v2\/posts\/19001\/revisions"}],"predecessor-version":[{"id":19039,"href":"https:\/\/ibape-nacional.com.br\/site\/wp-json\/wp\/v2\/posts\/19001\/revisions\/19039"}],"wp:featuredmedia":[{"embeddable":true,"href":"https:\/\/ibape-nacional.com.br\/site\/wp-json\/wp\/v2\/media\/19003"}],"wp:attachment":[{"href":"https:\/\/ibape-nacional.com.br\/site\/wp-json\/wp\/v2\/media?parent=19001"}],"wp:term":[{"taxonomy":"category","embeddable":true,"href":"https:\/\/ibape-nacional.com.br\/site\/wp-json\/wp\/v2\/categories?post=19001"},{"taxonomy":"post_tag","embeddable":true,"href":"https:\/\/ibape-nacional.com.br\/site\/wp-json\/wp\/v2\/tags?post=19001"}],"curies":[{"name":"wp","href":"https:\/\/api.w.org\/{rel}","templated":true}]}}