{"id":9914,"date":"2020-01-22T10:54:10","date_gmt":"2020-01-22T13:54:10","guid":{"rendered":"https:\/\/ibape-nacional.com.br\/site\/?p=9914"},"modified":"2020-05-29T10:54:47","modified_gmt":"2020-05-29T13:54:47","slug":"eng-clemenceau-chiabi-saliba-junior-presidente-do-ibape-nacional-participa-de-reuniao-no-banco-central","status":"publish","type":"post","link":"https:\/\/ibape-nacional.com.br\/site\/eng-clemenceau-chiabi-saliba-junior-presidente-do-ibape-nacional-participa-de-reuniao-no-banco-central\/","title":{"rendered":"IBAPE Nacional participa de reuni\u00e3o no Banco Central."},"content":{"rendered":"<p><!--more--><\/p>\n<p>Eng. Cl\u00e9menceau Chiabi Saliba J\u00fanior &#8211; Presidente do IBAPE Nacional e Eng. Wilson Lang &#8211; Presidente do Conselho IBAPE participaram de reuni\u00e3o no Banco Central que contou com a presen\u00e7a do Presidente do CONFEA &#8211; Eng. Joel Kruger e representantes de Entidades de classe.<\/p>\n<p>&nbsp;<\/p>\n<p><a href=\"https:\/\/ibape-nacional.com.br\/site\/wp-content\/uploads\/2020\/01\/01-REPRESENTACAO-21-01-2020-REUNIAO-BANCO-CENTRAL-2.jpg\"><img loading=\"lazy\" decoding=\"async\" class=\"wp-image-9915 aligncenter\" src=\"https:\/\/ibape-nacional.com.br\/site\/wp-content\/uploads\/2020\/01\/01-REPRESENTACAO-21-01-2020-REUNIAO-BANCO-CENTRAL-2.jpg\" alt=\"\" width=\"700\" height=\"525\" srcset=\"https:\/\/ibape-nacional.com.br\/site\/wp-content\/uploads\/2020\/01\/01-REPRESENTACAO-21-01-2020-REUNIAO-BANCO-CENTRAL-2.jpg 1280w, https:\/\/ibape-nacional.com.br\/site\/wp-content\/uploads\/2020\/01\/01-REPRESENTACAO-21-01-2020-REUNIAO-BANCO-CENTRAL-2-300x225.jpg 300w, https:\/\/ibape-nacional.com.br\/site\/wp-content\/uploads\/2020\/01\/01-REPRESENTACAO-21-01-2020-REUNIAO-BANCO-CENTRAL-2-1024x768.jpg 1024w, https:\/\/ibape-nacional.com.br\/site\/wp-content\/uploads\/2020\/01\/01-REPRESENTACAO-21-01-2020-REUNIAO-BANCO-CENTRAL-2-768x576.jpg 768w\" sizes=\"auto, (max-width: 700px) 100vw, 700px\" \/><\/a><\/p>\n<p>Eng. Cl\u00e9menceau Chiabi Saliba J\u00fanior &#8211; Presidente IBAPE e Eng. Wilson Lang &#8211; Presidente do Conselho, participaram ontem (21\/01\/20), de uma Reuni\u00e3o com o Diretor de Regula\u00e7\u00e3o do Banco Central, Ot\u00e1vio Damaso, para falar \u00e0 respeito da Resolu\u00e7\u00e3o n\u00ba 4.754\/2019 do BACEN que desobrigou a obrigatoriedade de visita de inspe\u00e7\u00e3o de im\u00f3vel, conforme o Art. 11 e 13 da resolu\u00e7\u00e3o n\u00ba 4676\/2018.<\/p>\n<p>Na ocasi\u00e3o estiveram presentes tamb\u00e9m o Chefe de Gabinete DINOR &#8211; Ricardo Harris, o Presidente do CONFEA &#8211; Eng. Joel Kruger, o Chefe de Gabinete do CONFEA &#8211; Luiz Antonio Rossafa, o Assessor do CONFEA &#8211; Guilherme Alvarenga e a Presidente da ABAP &#8211; Karine Moreira.<\/p>\n","protected":false},"excerpt":{"rendered":"","protected":false},"author":293,"featured_media":9915,"comment_status":"open","ping_status":"open","sticky":false,"template":"","format":"standard","meta":{"_joinchat":[],"footnotes":""},"categories":[43],"tags":[],"class_list":["post-9914","post","type-post","status-publish","format-standard","has-post-thumbnail","hentry","category-noticias-e-destaques"],"acf":[],"_links":{"self":[{"href":"https:\/\/ibape-nacional.com.br\/site\/wp-json\/wp\/v2\/posts\/9914","targetHints":{"allow":["GET"]}}],"collection":[{"href":"https:\/\/ibape-nacional.com.br\/site\/wp-json\/wp\/v2\/posts"}],"about":[{"href":"https:\/\/ibape-nacional.com.br\/site\/wp-json\/wp\/v2\/types\/post"}],"author":[{"embeddable":true,"href":"https:\/\/ibape-nacional.com.br\/site\/wp-json\/wp\/v2\/users\/293"}],"replies":[{"embeddable":true,"href":"https:\/\/ibape-nacional.com.br\/site\/wp-json\/wp\/v2\/comments?post=9914"}],"version-history":[{"count":0,"href":"https:\/\/ibape-nacional.com.br\/site\/wp-json\/wp\/v2\/posts\/9914\/revisions"}],"wp:featuredmedia":[{"embeddable":true,"href":"https:\/\/ibape-nacional.com.br\/site\/wp-json\/wp\/v2\/media\/9915"}],"wp:attachment":[{"href":"https:\/\/ibape-nacional.com.br\/site\/wp-json\/wp\/v2\/media?parent=9914"}],"wp:term":[{"taxonomy":"category","embeddable":true,"href":"https:\/\/ibape-nacional.com.br\/site\/wp-json\/wp\/v2\/categories?post=9914"},{"taxonomy":"post_tag","embeddable":true,"href":"https:\/\/ibape-nacional.com.br\/site\/wp-json\/wp\/v2\/tags?post=9914"}],"curies":[{"name":"wp","href":"https:\/\/api.w.org\/{rel}","templated":true}]}}