{"id":9936,"date":"2020-01-24T15:28:05","date_gmt":"2020-01-24T18:28:05","guid":{"rendered":"https:\/\/ibape-nacional.com.br\/site\/?p=9936"},"modified":"2020-05-29T10:51:09","modified_gmt":"2020-05-29T13:51:09","slug":"iii-seminario-nacional-de-engenharia-de-avaliacoes-e-pericias-2","status":"publish","type":"post","link":"https:\/\/ibape-nacional.com.br\/site\/iii-seminario-nacional-de-engenharia-de-avaliacoes-e-pericias-2\/","title":{"rendered":"III Semin\u00e1rio Nacional de Engenharia de Avalia\u00e7\u00f5es e Per\u00edcias."},"content":{"rendered":"<p>IBAPE Nacional em parceria com o IBAPE Minas Gerais vai realizar no dia 12 de mar\u00e7o de 2020 no audit\u00f3rio do CREA-MG, o III Semin\u00e1rio Nacional de Engenharia de Avalia\u00e7\u00f5es e Per\u00edcias.<\/p>\n<p>(Inscri\u00e7\u00f5es Encerradas)<\/p>\n<p><!--more--><\/p>\n<p><a href=\"https:\/\/ibape-nacional.com.br\/site\/wp-content\/uploads\/2020\/01\/III-Semina\u0301rio-Nacional-de-Engenharia-de-Avaliac\u0327o\u0303es-e-Peri\u0301cias-Programac\u0327a\u0303o-Hor\u00e1rio-Palestrantes.jpg\"><img loading=\"lazy\" decoding=\"async\" class=\"size-full wp-image-10065 aligncenter\" src=\"https:\/\/ibape-nacional.com.br\/site\/wp-content\/uploads\/2020\/01\/III-Semina\u0301rio-Nacional-de-Engenharia-de-Avaliac\u0327o\u0303es-e-Peri\u0301cias-Programac\u0327a\u0303o-Hor\u00e1rio-Palestrantes.jpg\" alt=\"\" width=\"800\" height=\"1280\" srcset=\"https:\/\/ibape-nacional.com.br\/site\/wp-content\/uploads\/2020\/01\/III-Semina\u0301rio-Nacional-de-Engenharia-de-Avaliac\u0327o\u0303es-e-Peri\u0301cias-Programac\u0327a\u0303o-Hor\u00e1rio-Palestrantes.jpg 800w, https:\/\/ibape-nacional.com.br\/site\/wp-content\/uploads\/2020\/01\/III-Semina\u0301rio-Nacional-de-Engenharia-de-Avaliac\u0327o\u0303es-e-Peri\u0301cias-Programac\u0327a\u0303o-Hor\u00e1rio-Palestrantes-188x300.jpg 188w, https:\/\/ibape-nacional.com.br\/site\/wp-content\/uploads\/2020\/01\/III-Semina\u0301rio-Nacional-de-Engenharia-de-Avaliac\u0327o\u0303es-e-Peri\u0301cias-Programac\u0327a\u0303o-Hor\u00e1rio-Palestrantes-640x1024.jpg 640w, https:\/\/ibape-nacional.com.br\/site\/wp-content\/uploads\/2020\/01\/III-Semina\u0301rio-Nacional-de-Engenharia-de-Avaliac\u0327o\u0303es-e-Peri\u0301cias-Programac\u0327a\u0303o-Hor\u00e1rio-Palestrantes-768x1229.jpg 768w\" sizes=\"auto, (max-width: 800px) 100vw, 800px\" \/><\/a><\/p>\n","protected":false},"excerpt":{"rendered":"<p>IBAPE Nacional em parceria com o IBAPE Minas Gerais vai realizar no dia 12 de mar\u00e7o de 2020 no audit\u00f3rio do CREA-MG, o III Semin\u00e1rio Nacional de Engenharia de Avalia\u00e7\u00f5es e Per\u00edcias. (Inscri\u00e7\u00f5es Encerradas)<\/p>\n","protected":false},"author":293,"featured_media":9938,"comment_status":"open","ping_status":"open","sticky":false,"template":"","format":"standard","meta":{"_joinchat":[],"footnotes":""},"categories":[43],"tags":[],"class_list":["post-9936","post","type-post","status-publish","format-standard","has-post-thumbnail","hentry","category-noticias-e-destaques"],"acf":[],"_links":{"self":[{"href":"https:\/\/ibape-nacional.com.br\/site\/wp-json\/wp\/v2\/posts\/9936","targetHints":{"allow":["GET"]}}],"collection":[{"href":"https:\/\/ibape-nacional.com.br\/site\/wp-json\/wp\/v2\/posts"}],"about":[{"href":"https:\/\/ibape-nacional.com.br\/site\/wp-json\/wp\/v2\/types\/post"}],"author":[{"embeddable":true,"href":"https:\/\/ibape-nacional.com.br\/site\/wp-json\/wp\/v2\/users\/293"}],"replies":[{"embeddable":true,"href":"https:\/\/ibape-nacional.com.br\/site\/wp-json\/wp\/v2\/comments?post=9936"}],"version-history":[{"count":0,"href":"https:\/\/ibape-nacional.com.br\/site\/wp-json\/wp\/v2\/posts\/9936\/revisions"}],"wp:featuredmedia":[{"embeddable":true,"href":"https:\/\/ibape-nacional.com.br\/site\/wp-json\/wp\/v2\/media\/9938"}],"wp:attachment":[{"href":"https:\/\/ibape-nacional.com.br\/site\/wp-json\/wp\/v2\/media?parent=9936"}],"wp:term":[{"taxonomy":"category","embeddable":true,"href":"https:\/\/ibape-nacional.com.br\/site\/wp-json\/wp\/v2\/categories?post=9936"},{"taxonomy":"post_tag","embeddable":true,"href":"https:\/\/ibape-nacional.com.br\/site\/wp-json\/wp\/v2\/tags?post=9936"}],"curies":[{"name":"wp","href":"https:\/\/api.w.org\/{rel}","templated":true}]}}